{"id":96,"date":"2013-03-01T10:22:08","date_gmt":"2013-03-01T10:22:08","guid":{"rendered":"https:\/\/old.teatrodeimignoli.com\/?p=96"},"modified":"2013-03-01T10:33:55","modified_gmt":"2013-03-01T10:33:55","slug":"chi-siamo","status":"publish","type":"post","link":"https:\/\/old.teatrodeimignoli.com\/?p=96","title":{"rendered":"Chi Siamo"},"content":{"rendered":"<p><a href=\"https:\/\/old.teatrodeimignoli.com\/wp-content\/uploads\/2012\/11\/5549188925_d2107fc152_b4.jpg\"><img loading=\"lazy\" decoding=\"async\" class=\"size-full wp-image-63 aligncenter\" title=\"5549188925_d2107fc152_b\" alt=\"\" src=\"https:\/\/old.teatrodeimignoli.com\/wp-content\/uploads\/2012\/11\/5549188925_d2107fc152_b4.jpg\" width=\"640\" height=\"243\" srcset=\"https:\/\/old.teatrodeimignoli.com\/wp-content\/uploads\/2012\/11\/5549188925_d2107fc152_b4.jpg 1024w, https:\/\/old.teatrodeimignoli.com\/wp-content\/uploads\/2012\/11\/5549188925_d2107fc152_b4-300x113.jpg 300w, https:\/\/old.teatrodeimignoli.com\/wp-content\/uploads\/2012\/11\/5549188925_d2107fc152_b4-500x189.jpg 500w\" sizes=\"auto, (max-width: 640px) 100vw, 640px\" \/><\/a><\/p>\n<p>L\u2019associazione culturale<strong> Teatro dei Mignoli<\/strong> \u00e8 nata a Bologna nel 2002 e opera nel campo della produzione e dell\u2019organizzazione di eventi teatrali caratterizzati dall\u2019originalit\u00e0 nella scelta degli spazi e la multidisciplinariet\u00e0 dei linguaggi.<\/p>\n<p>Da <strong><em>Miti di Carta<\/em><\/strong> rassegna di Teatro di figura e installazione all\u2019interno del Cortile del Museo Medievale realizzato nel giugno 2003, si passa a <strong><em>Reading sul Fiume<\/em><\/strong> (agosto2006\/07\/08\/09\/10\/11) inserita nella programmazione di B\u00e8 Bologna Estate &#8211; due serate di spettacolo itinerante lungo il fiume Reno, che vede la partecipazione di poeti, danzatori, musicisti, attori, con scenografie e videoinstallazioni.<strong><em> Angeli nel parco<\/em><\/strong> (parco San Pellegrino e Villa Spada 2007-08-09) in cui vengono valorizzati i parchi delle colline bolognesi; il concorso <strong><em>Borgo teatro<\/em><\/strong> (giugno 2009 e 2010) un concorso di teatro dei \u201cposti insoliti\u201d, atto a valorizzare le periferie e il nuovo teatro di strada.<\/p>\n<p>Con <strong><a href=\"http:\/\/bandariciclante.it\/\"><em>Banda Riciclante<\/em><\/a><\/strong>, progetto di formazione nelle scuole sul tema del riuso e riciclo dei materiali, della raccolta differenziata e delle energie sostenibili, che prevede anche interventi di riqualificazione urbana in luoghi pubblici, il Teatro dei Mignoli ha vinto il bando <em>Giovani Protagonisti<\/em> della Presidenza del Consiglio dei Ministri &#8211; Dipartimento della Giovent\u00f9.<\/p>\n<p>Il progetto <a href=\"http:\/\/www.angeliallefermate.it\/\"><strong><em>Angeli alle fermate<\/em><\/strong><\/a>, dove l\u2019animatore teatrale diventa assistente civico per soddisfare il bisogno di sicurezza dei cittadini e favorire la coesione sociale nonch\u00e9 l\u2019utilizzo dei mezzi pubblici, si \u00e8 attivato a Bologna nel 2007 e prosegue con all\u2019attivo 35 volontari e 60 animazioni serali annue (ore 20,30\/0,30 due sere a settimana da ottobre a giugno) a sostegno di socialit\u00e0, mobilit\u00e0, informazione e aiuto alle fermate e sui bus. Il progetto \u00e8 stato esportato a Genova nel maggio 2010 dove \u00e8 tuttora attivo.<\/p>\n<p>Ultimo progetto della mente dei Mignoli il direttore artistico, regista e autore Mirco Alboresi \u00e8 <b>il <\/b><a href=\"http:\/\/laculturaincondominio.blogspot.it\/\"><strong><em>Festival In &amp; Out \u2013 La Cultura in Condominio<\/em><\/strong><\/a> per portare le attivit\u00e0 culturali delle associazioni sottocasa delle persone a chilometri zero. Il festival \u00e8 stato realizzato nel 2011 e nel 2012 in condomini privati e di residenza pubblica, in collaborazione con Quartieri e Associazioni con la partecipazione di una rete di 15 Associazioni.<\/p>\n<p>&nbsp;<\/p>\n<p>Free press <a href=\"http:\/\/www.provincia.bologna.it\/sanitasociale\/Engine\/RAServePG.php\/P\/550611181000\/M\/252611181009\/T\/Lultimo-numero-di-Carta-Bianca-il-free-press-dellassociazionismo-\"><em><strong>Carta Bianca<\/strong><\/em><\/a> realizzato grazie al contributo della Provincia di Bologna \u00e8 un free press dell\u2019associazionismo bimestrale e distribuito da Provincia di Bologna e dagli Angeli alle fermate.<\/p>\n<p><!--more--><\/p>\n<p>&nbsp;<\/p>\n","protected":false},"excerpt":{"rendered":"<p>L\u2019associazione culturale Teatro dei Mignoli \u00e8 nata a Bologna nel 2002 e opera nel campo della produzione e dell\u2019organizzazione di eventi teatrali caratterizzati dall\u2019originalit\u00e0 nella scelta degli spazi e la multidisciplinariet\u00e0 dei linguaggi. Da Miti di Carta rassegna di Teatro di figura e installazione all\u2019interno del Cortile del Museo Medievale realizzato nel giugno 2003, si [&hellip;]<\/p>\n","protected":false},"author":1,"featured_media":63,"comment_status":"open","ping_status":"open","sticky":false,"template":"","format":"standard","meta":{"footnotes":""},"categories":[1],"tags":[],"class_list":["post-96","post","type-post","status-publish","format-standard","has-post-thumbnail","hentry","category-uncategorized"],"_links":{"self":[{"href":"https:\/\/old.teatrodeimignoli.com\/index.php?rest_route=\/wp\/v2\/posts\/96","targetHints":{"allow":["GET"]}}],"collection":[{"href":"https:\/\/old.teatrodeimignoli.com\/index.php?rest_route=\/wp\/v2\/posts"}],"about":[{"href":"https:\/\/old.teatrodeimignoli.com\/index.php?rest_route=\/wp\/v2\/types\/post"}],"author":[{"embeddable":true,"href":"https:\/\/old.teatrodeimignoli.com\/index.php?rest_route=\/wp\/v2\/users\/1"}],"replies":[{"embeddable":true,"href":"https:\/\/old.teatrodeimignoli.com\/index.php?rest_route=%2Fwp%2Fv2%2Fcomments&post=96"}],"version-history":[{"count":5,"href":"https:\/\/old.teatrodeimignoli.com\/index.php?rest_route=\/wp\/v2\/posts\/96\/revisions"}],"predecessor-version":[{"id":103,"href":"https:\/\/old.teatrodeimignoli.com\/index.php?rest_route=\/wp\/v2\/posts\/96\/revisions\/103"}],"wp:featuredmedia":[{"embeddable":true,"href":"https:\/\/old.teatrodeimignoli.com\/index.php?rest_route=\/wp\/v2\/media\/63"}],"wp:attachment":[{"href":"https:\/\/old.teatrodeimignoli.com\/index.php?rest_route=%2Fwp%2Fv2%2Fmedia&parent=96"}],"wp:term":[{"taxonomy":"category","embeddable":true,"href":"https:\/\/old.teatrodeimignoli.com\/index.php?rest_route=%2Fwp%2Fv2%2Fcategories&post=96"},{"taxonomy":"post_tag","embeddable":true,"href":"https:\/\/old.teatrodeimignoli.com\/index.php?rest_route=%2Fwp%2Fv2%2Ftags&post=96"}],"curies":[{"name":"wp","href":"https:\/\/api.w.org\/{rel}","templated":true}]}}